{"id":9692,"date":"2026-04-29T12:05:56","date_gmt":"2026-04-29T17:05:56","guid":{"rendered":"https:\/\/asombrate.org\/?p=9692"},"modified":"2026-04-29T16:21:51","modified_gmt":"2026-04-29T21:21:51","slug":"red-de-lideres","status":"publish","type":"post","link":"https:\/\/asombrate.org\/en\/red-de-lideres\/","title":{"rendered":"\u00bfC\u00f3mo la Red de L\u00edderes lleva del papel a la pr\u00e1ctica la sostenibilidad en el cultivo de caf\u00e9?"},"content":{"rendered":"<div style=\"height:50px\" aria-hidden=\"true\" class=\"wp-block-spacer\"><\/div>\n\n\n\n<p>En la ciudad o el campo, todos enfrentamos una misma realidad: los efectos del cambio clim\u00e1tico. Para mitigar estos efectos, las comunidades rurales est\u00e1n comprometidas con la implementaci\u00f3n de pr\u00e1cticas que permitan construir fincas m\u00e1s sanas, fuertes y que sigan generando buenas cosechas de productos agr\u00edcolas como el caf\u00e9.<\/p>\n\n\n\n<p><br>Sin embargo, llevar estas pr\u00e1cticas del conocimiento a la acci\u00f3n sigue siendo uno de los principales retos en el territorio. Aunque existe el compromiso y la intenci\u00f3n de aplicarlas, muchos productores a\u00fan enfrentan dificultades para adaptarlas a las realidades de sus fincas.<\/p>\n\n\n\n<p><br>Ante este desaf\u00edo, el programa <strong>As\u00f3mbrate de Solidaridad \u2013 Colombia <\/strong>impulsa una estrategia que est\u00e1 marcando la diferencia: <strong>la Red de L\u00edderes<\/strong>, una iniciativa que fortalece el liderazgo local para convertir el conocimiento en acciones concretas en el campo.<\/p>\n\n\n\n<p><br>Adicionalmente del acompa\u00f1amiento t\u00e9cnico en territorio sobre el fortalecimiento de sistemas agroforestales y la agricultura regenerativa \u2014aquella que le devuelve la vida al cultivo\u2014,el programa As\u00f3mbrate impulsa esta red, la cual se consolida como uno de los ejes estrat\u00e9gicos de trabajo en esta cadena agr\u00edcola durante este a\u00f1o. Deibi L\u00f3pez, Coordinadora de As\u00f3mbrate del programa de caf\u00e9 de Solidaridad, explica que esta estrategia busca complementar el componente t\u00e9cnico de la iniciativa con un proceso profundo de fortalecimiento del liderazgo en los territorios.<\/p>\n\n\n\n<p><br>En 2026, se planea que la red se despliegue en los departamentos de Cauca, Nari\u00f1o, Huila, Antioquia y Risaralda, donde se desarrollar\u00e1n encuentros tanto presenciales como virtuales, que priorizan la mirada de los mismos productores sobre la sostenibilidad.<\/p>\n\n\n\n<figure class=\"wp-block-embed is-type-video is-provider-youtube wp-block-embed-youtube wp-embed-aspect-16-9 wp-has-aspect-ratio\"><div class=\"wp-block-embed__wrapper\">\n<iframe title=\"\ud83c\udde8\ud83c\uddf4 \u00bfC\u00f3mo lograr que la sostenibilidad pase del papel a la pr\u00e1ctica?\" width=\"900\" height=\"506\" src=\"https:\/\/www.youtube.com\/embed\/yKoxBSCRhEg?feature=oembed\" frameborder=\"0\" allow=\"accelerometer; autoplay; clipboard-write; encrypted-media; gyroscope; picture-in-picture; web-share\" referrerpolicy=\"strict-origin-when-cross-origin\" allowfullscreen><\/iframe>\n<\/div><\/figure>\n\n\n\n<div style=\"height:50px\" aria-hidden=\"true\" class=\"wp-block-spacer\"><\/div>\n\n\n\n<h2 class=\"wp-block-heading\"><strong>Un punto de partida distinto: el encuentro humano<\/strong><\/h2>\n\n\n\n<figure class=\"wp-block-image size-large\"><img fetchpriority=\"high\" decoding=\"async\" width=\"1024\" height=\"576\" src=\"https:\/\/asombrate.org\/wp-content\/uploads\/2026\/04\/IMG-035-1024x576.jpg\" alt=\"\" class=\"wp-image-9701\" srcset=\"https:\/\/asombrate.org\/wp-content\/uploads\/2026\/04\/IMG-035-1024x576.jpg 1024w, https:\/\/asombrate.org\/wp-content\/uploads\/2026\/04\/IMG-035-768x432.jpg 768w, https:\/\/asombrate.org\/wp-content\/uploads\/2026\/04\/IMG-035-1536x864.jpg 1536w, https:\/\/asombrate.org\/wp-content\/uploads\/2026\/04\/IMG-035-18x10.jpg 18w, https:\/\/asombrate.org\/wp-content\/uploads\/2026\/04\/IMG-035-600x338.jpg 600w, https:\/\/asombrate.org\/wp-content\/uploads\/2026\/04\/IMG-035.jpg 1920w\" sizes=\"(max-width: 1024px) 100vw, 1024px\" \/><\/figure>\n\n\n\n<figure class=\"wp-block-gallery has-nested-images columns-default is-cropped wp-block-gallery-1 is-layout-flex wp-block-gallery-is-layout-flex\">\n<figure class=\"wp-block-image size-large\"><img decoding=\"async\" width=\"1024\" height=\"576\" data-id=\"9700\" src=\"https:\/\/asombrate.org\/wp-content\/uploads\/2026\/04\/IMG-021-1024x576.jpg\" alt=\"\" class=\"wp-image-9700\" srcset=\"https:\/\/asombrate.org\/wp-content\/uploads\/2026\/04\/IMG-021-1024x576.jpg 1024w, https:\/\/asombrate.org\/wp-content\/uploads\/2026\/04\/IMG-021-768x432.jpg 768w, https:\/\/asombrate.org\/wp-content\/uploads\/2026\/04\/IMG-021-1536x864.jpg 1536w, https:\/\/asombrate.org\/wp-content\/uploads\/2026\/04\/IMG-021-18x10.jpg 18w, https:\/\/asombrate.org\/wp-content\/uploads\/2026\/04\/IMG-021-600x338.jpg 600w, https:\/\/asombrate.org\/wp-content\/uploads\/2026\/04\/IMG-021.jpg 1920w\" sizes=\"(max-width: 1024px) 100vw, 1024px\" \/><\/figure>\n\n\n\n<figure class=\"wp-block-image size-large\"><img decoding=\"async\" width=\"1024\" height=\"576\" data-id=\"9704\" src=\"https:\/\/asombrate.org\/wp-content\/uploads\/2026\/04\/IMG-005-1024x576.jpg\" alt=\"\" class=\"wp-image-9704\" srcset=\"https:\/\/asombrate.org\/wp-content\/uploads\/2026\/04\/IMG-005-1024x576.jpg 1024w, https:\/\/asombrate.org\/wp-content\/uploads\/2026\/04\/IMG-005-768x432.jpg 768w, https:\/\/asombrate.org\/wp-content\/uploads\/2026\/04\/IMG-005-1536x864.jpg 1536w, https:\/\/asombrate.org\/wp-content\/uploads\/2026\/04\/IMG-005-18x10.jpg 18w, https:\/\/asombrate.org\/wp-content\/uploads\/2026\/04\/IMG-005-600x338.jpg 600w, https:\/\/asombrate.org\/wp-content\/uploads\/2026\/04\/IMG-005.jpg 1920w\" sizes=\"(max-width: 1024px) 100vw, 1024px\" \/><\/figure>\n\n\n\n<figure class=\"wp-block-image size-large\"><img loading=\"lazy\" decoding=\"async\" width=\"1024\" height=\"576\" data-id=\"9703\" src=\"https:\/\/asombrate.org\/wp-content\/uploads\/2026\/04\/IMG-026-1024x576.jpg\" alt=\"\" class=\"wp-image-9703\" srcset=\"https:\/\/asombrate.org\/wp-content\/uploads\/2026\/04\/IMG-026-1024x576.jpg 1024w, https:\/\/asombrate.org\/wp-content\/uploads\/2026\/04\/IMG-026-768x432.jpg 768w, https:\/\/asombrate.org\/wp-content\/uploads\/2026\/04\/IMG-026-1536x864.jpg 1536w, https:\/\/asombrate.org\/wp-content\/uploads\/2026\/04\/IMG-026-18x10.jpg 18w, https:\/\/asombrate.org\/wp-content\/uploads\/2026\/04\/IMG-026-600x338.jpg 600w, https:\/\/asombrate.org\/wp-content\/uploads\/2026\/04\/IMG-026.jpg 1920w\" sizes=\"(max-width: 1024px) 100vw, 1024px\" \/><\/figure>\n<\/figure>\n\n\n\n<p>A diferencia de los enfoques tradicionales, los encuentros presenciales de la Red de L\u00edderes no comienzan con una agenda t\u00e9cnica r\u00edgida, sino con algo m\u00e1s poderoso: un encuentro humano.<\/p>\n\n\n\n<p><br>Con la <strong>\u201cla mesa de la abundancia\u201d<\/strong>, desde el primer momento del encuentro se establece una relaci\u00f3n cercana entre los l\u00edderes, mediante la confluencia de historias y saberes. Una actividad que marca el tono del proceso construido colectivamente es el \u201ccompartir\u201d de elementos que representen las pr\u00e1cticas que se realizan en las fincas o de productos procesados con sus propias materias primas (tortas, dulces, etc.). De este modo, la red impulsa que cada voz cuente y cada experiencia e idea sume.<\/p>\n\n\n\n<div style=\"height:50px\" aria-hidden=\"true\" class=\"wp-block-spacer\"><\/div>\n\n\n\n<h2 class=\"wp-block-heading\"><strong>La apuesta por la educaci\u00f3n rural en Risaralda y Antioquia<\/strong><\/h2>\n\n\n\n<figure class=\"wp-block-gallery has-nested-images columns-default is-cropped wp-block-gallery-2 is-layout-flex wp-block-gallery-is-layout-flex\">\n<figure class=\"wp-block-image size-large\"><img loading=\"lazy\" decoding=\"async\" width=\"1024\" height=\"683\" data-id=\"9718\" src=\"https:\/\/asombrate.org\/wp-content\/uploads\/2026\/04\/DSC_0056-1024x683.jpg\" alt=\"\" class=\"wp-image-9718\" srcset=\"https:\/\/asombrate.org\/wp-content\/uploads\/2026\/04\/DSC_0056-1024x683.jpg 1024w, https:\/\/asombrate.org\/wp-content\/uploads\/2026\/04\/DSC_0056-768x512.jpg 768w, https:\/\/asombrate.org\/wp-content\/uploads\/2026\/04\/DSC_0056-1536x1024.jpg 1536w, https:\/\/asombrate.org\/wp-content\/uploads\/2026\/04\/DSC_0056-2048x1365.jpg 2048w, https:\/\/asombrate.org\/wp-content\/uploads\/2026\/04\/DSC_0056-18x12.jpg 18w, https:\/\/asombrate.org\/wp-content\/uploads\/2026\/04\/DSC_0056-600x400.jpg 600w\" sizes=\"(max-width: 1024px) 100vw, 1024px\" \/><\/figure>\n\n\n\n<figure class=\"wp-block-image size-large\"><img loading=\"lazy\" decoding=\"async\" width=\"1024\" height=\"683\" data-id=\"9717\" src=\"https:\/\/asombrate.org\/wp-content\/uploads\/2026\/04\/DSC_0015-1024x683.jpg\" alt=\"\" class=\"wp-image-9717\" srcset=\"https:\/\/asombrate.org\/wp-content\/uploads\/2026\/04\/DSC_0015-1024x683.jpg 1024w, https:\/\/asombrate.org\/wp-content\/uploads\/2026\/04\/DSC_0015-768x512.jpg 768w, https:\/\/asombrate.org\/wp-content\/uploads\/2026\/04\/DSC_0015-1536x1024.jpg 1536w, https:\/\/asombrate.org\/wp-content\/uploads\/2026\/04\/DSC_0015-2048x1365.jpg 2048w, https:\/\/asombrate.org\/wp-content\/uploads\/2026\/04\/DSC_0015-18x12.jpg 18w, https:\/\/asombrate.org\/wp-content\/uploads\/2026\/04\/DSC_0015-600x400.jpg 600w\" sizes=\"(max-width: 1024px) 100vw, 1024px\" \/><\/figure>\n<\/figure>\n\n\n\n<p>En Risaralda y Antioquia, durante el a\u00f1o pasado las alianzas se enfocaron en la educaci\u00f3n rural y la asistencia t\u00e9cnica. Junto con la Federaci\u00f3n Nacional de Cafeteros, el Comit\u00e9 Departamental, RGC y cooperativas como COOPCAFISA y COOPCAFER, se organizaron jornadas para capacitar a los productores en protecci\u00f3n del suelo, seguridad alimentaria y diversificaci\u00f3n de ingresos.<\/p>\n\n\n\n<div style=\"height:15px\" aria-hidden=\"true\" class=\"wp-block-spacer\"><\/div>\n\n\n\n<p>Para Carlos Emilio Su\u00e1rez Alzate, coordinador de proyectos de caf\u00e9, vivir estas jornadas junto a los caficultores fue una oportunidad \u00fanica para el intercambio de saberes.<\/p>\n\n\n\n<div style=\"height:15px\" aria-hidden=\"true\" class=\"wp-block-spacer\"><\/div>\n\n\n\n<blockquote class=\"wp-block-quote is-layout-flow wp-block-quote-is-layout-flow\">\n<p><em>\u201cMuchos de los productores llegan con la expectativa de asistir a una capacitaci\u00f3n t\u00e9cnica. Sin embargo, lo que encuentran es un espacio donde lo productivo y lo humano se entrelazan, generando aprendizajes colectivos que trascienden el conocimiento tradicional\u201d.<\/em><\/p>\n\n\n\n<figure class=\"wp-block-image size-full is-resized\"><img loading=\"lazy\" decoding=\"async\" width=\"600\" height=\"600\" src=\"https:\/\/asombrate.org\/wp-content\/uploads\/2026\/04\/francy.png\" alt=\"\" class=\"wp-image-9721\" style=\"aspect-ratio:0.9810722366584187;width:138px;height:auto\" srcset=\"https:\/\/asombrate.org\/wp-content\/uploads\/2026\/04\/francy.png 600w, https:\/\/asombrate.org\/wp-content\/uploads\/2026\/04\/francy-175x175.png 175w, https:\/\/asombrate.org\/wp-content\/uploads\/2026\/04\/francy-12x12.png 12w, https:\/\/asombrate.org\/wp-content\/uploads\/2026\/04\/francy-300x300.png 300w, https:\/\/asombrate.org\/wp-content\/uploads\/2026\/04\/francy-180x180.png 180w\" sizes=\"(max-width: 600px) 100vw, 600px\" \/><\/figure>\n\n\n\n<div class=\"wp-block-group is-nowrap is-layout-flex wp-container-core-group-is-layout-ad2f72ca wp-block-group-is-layout-flex\">\n<p><strong>Francy Pajoy <br><\/strong>L\u00edder Regional de As\u00f3mbrate en el Huila<\/p>\n<\/div>\n<\/blockquote>\n\n\n\n<div style=\"height:50px\" aria-hidden=\"true\" class=\"wp-block-spacer\"><\/div>\n\n\n\n<h2 class=\"wp-block-heading\"><strong>Una metodolog\u00eda que conecta el saber con el ser<\/strong><\/h2>\n\n\n\n<figure class=\"wp-block-image size-large\"><img loading=\"lazy\" decoding=\"async\" width=\"1024\" height=\"576\" src=\"https:\/\/asombrate.org\/wp-content\/uploads\/2026\/04\/IMG-029-1024x576.jpg\" alt=\"\" class=\"wp-image-9712\" srcset=\"https:\/\/asombrate.org\/wp-content\/uploads\/2026\/04\/IMG-029-1024x576.jpg 1024w, https:\/\/asombrate.org\/wp-content\/uploads\/2026\/04\/IMG-029-768x432.jpg 768w, https:\/\/asombrate.org\/wp-content\/uploads\/2026\/04\/IMG-029-1536x864.jpg 1536w, https:\/\/asombrate.org\/wp-content\/uploads\/2026\/04\/IMG-029-18x10.jpg 18w, https:\/\/asombrate.org\/wp-content\/uploads\/2026\/04\/IMG-029-600x338.jpg 600w, https:\/\/asombrate.org\/wp-content\/uploads\/2026\/04\/IMG-029.jpg 1920w\" sizes=\"(max-width: 1024px) 100vw, 1024px\" \/><\/figure>\n\n\n\n<figure class=\"wp-block-gallery has-nested-images columns-default is-cropped wp-block-gallery-3 is-layout-flex wp-block-gallery-is-layout-flex\">\n<figure class=\"wp-block-image size-large\"><img loading=\"lazy\" decoding=\"async\" width=\"1024\" height=\"576\" data-id=\"9714\" src=\"https:\/\/asombrate.org\/wp-content\/uploads\/2026\/04\/IMG-017-1024x576.jpg\" alt=\"\" class=\"wp-image-9714\" srcset=\"https:\/\/asombrate.org\/wp-content\/uploads\/2026\/04\/IMG-017-1024x576.jpg 1024w, https:\/\/asombrate.org\/wp-content\/uploads\/2026\/04\/IMG-017-768x432.jpg 768w, https:\/\/asombrate.org\/wp-content\/uploads\/2026\/04\/IMG-017-1536x864.jpg 1536w, https:\/\/asombrate.org\/wp-content\/uploads\/2026\/04\/IMG-017-18x10.jpg 18w, https:\/\/asombrate.org\/wp-content\/uploads\/2026\/04\/IMG-017-600x338.jpg 600w, https:\/\/asombrate.org\/wp-content\/uploads\/2026\/04\/IMG-017.jpg 1920w\" sizes=\"(max-width: 1024px) 100vw, 1024px\" \/><\/figure>\n\n\n\n<figure class=\"wp-block-image size-large\"><img loading=\"lazy\" decoding=\"async\" width=\"1024\" height=\"576\" data-id=\"9719\" src=\"https:\/\/asombrate.org\/wp-content\/uploads\/2026\/04\/IMG-014-1-1024x576.jpg\" alt=\"\" class=\"wp-image-9719\" srcset=\"https:\/\/asombrate.org\/wp-content\/uploads\/2026\/04\/IMG-014-1-1024x576.jpg 1024w, https:\/\/asombrate.org\/wp-content\/uploads\/2026\/04\/IMG-014-1-768x432.jpg 768w, https:\/\/asombrate.org\/wp-content\/uploads\/2026\/04\/IMG-014-1-1536x864.jpg 1536w, https:\/\/asombrate.org\/wp-content\/uploads\/2026\/04\/IMG-014-1-18x10.jpg 18w, https:\/\/asombrate.org\/wp-content\/uploads\/2026\/04\/IMG-014-1-600x338.jpg 600w, https:\/\/asombrate.org\/wp-content\/uploads\/2026\/04\/IMG-014-1.jpg 1920w\" sizes=\"(max-width: 1024px) 100vw, 1024px\" \/><\/figure>\n\n\n\n<figure class=\"wp-block-image size-large\"><img loading=\"lazy\" decoding=\"async\" width=\"1024\" height=\"576\" data-id=\"9713\" src=\"https:\/\/asombrate.org\/wp-content\/uploads\/2026\/04\/IMG-016-1-1024x576.jpg\" alt=\"\" class=\"wp-image-9713\" srcset=\"https:\/\/asombrate.org\/wp-content\/uploads\/2026\/04\/IMG-016-1-1024x576.jpg 1024w, https:\/\/asombrate.org\/wp-content\/uploads\/2026\/04\/IMG-016-1-768x432.jpg 768w, https:\/\/asombrate.org\/wp-content\/uploads\/2026\/04\/IMG-016-1-1536x864.jpg 1536w, https:\/\/asombrate.org\/wp-content\/uploads\/2026\/04\/IMG-016-1-18x10.jpg 18w, https:\/\/asombrate.org\/wp-content\/uploads\/2026\/04\/IMG-016-1-600x338.jpg 600w, https:\/\/asombrate.org\/wp-content\/uploads\/2026\/04\/IMG-016-1.jpg 1920w\" sizes=\"(max-width: 1024px) 100vw, 1024px\" \/><\/figure>\n<\/figure>\n\n\n\n<p>La Red de L\u00edderes articula de manera intencional dos dimensiones clave: los conceptos t\u00e9cnicos en agricultura regenerativa y el fortalecimiento de habilidades blandas para el fortalecimiento de los liderazgos locales. Esta integraci\u00f3n se materializa en encuentros presenciales realizados a nivel regional local y otras sesiones virtuales a nivel nacional. Durante estos espacios, se implementa una metodolog\u00eda vivencial, l\u00fadica y profundamente participativa, a trav\u00e9s<\/p>\n\n\n\n<p><br>Mayra G\u00f3mez, L\u00edder Regional de As\u00f3mbrate en Cauca y Nari\u00f1o, comenta que en los encuentros presenciales herramientas como la tarjeta de valor permiten que los l\u00edderes reconozcan sus habilidades y comprendan c\u00f3mo ponerlas al servicio de sus comunidades. Al mismo tiempo, ejercicios como la construcci\u00f3n colectiva de una palabra revelan aprendizajes sobre comunicaci\u00f3n, coordinaci\u00f3n y trabajo en equipo.<\/p>\n\n\n\n<p><br>Incluso el uso de elementos simb\u00f3licos se convierten en catalizadores de transformaci\u00f3n. Lo que inicia como un gesto l\u00fadico termina generando confianza, rompiendo barreras y creando condiciones para que personas que normalmente no hablan encuentren su voz. As\u00ed, el liderazgo en la red no se impone: emerge.<\/p>\n\n\n\n<div style=\"height:50px\" aria-hidden=\"true\" class=\"wp-block-spacer\"><\/div>\n\n\n\n<h2 class=\"wp-block-heading\"><strong>Liderazgo que se ejerce en comunidad<\/strong><\/h2>\n\n\n\n<figure class=\"wp-block-image size-large\"><img loading=\"lazy\" decoding=\"async\" width=\"1024\" height=\"576\" src=\"https:\/\/asombrate.org\/wp-content\/uploads\/2026\/04\/IMG-008-3-1024x576.jpg\" alt=\"\" class=\"wp-image-9709\" srcset=\"https:\/\/asombrate.org\/wp-content\/uploads\/2026\/04\/IMG-008-3-1024x576.jpg 1024w, https:\/\/asombrate.org\/wp-content\/uploads\/2026\/04\/IMG-008-3-768x432.jpg 768w, https:\/\/asombrate.org\/wp-content\/uploads\/2026\/04\/IMG-008-3-1536x864.jpg 1536w, https:\/\/asombrate.org\/wp-content\/uploads\/2026\/04\/IMG-008-3-18x10.jpg 18w, https:\/\/asombrate.org\/wp-content\/uploads\/2026\/04\/IMG-008-3-600x338.jpg 600w, https:\/\/asombrate.org\/wp-content\/uploads\/2026\/04\/IMG-008-3.jpg 1920w\" sizes=\"(max-width: 1024px) 100vw, 1024px\" \/><\/figure>\n\n\n\n<figure class=\"wp-block-gallery has-nested-images columns-default is-cropped wp-block-gallery-4 is-layout-flex wp-block-gallery-is-layout-flex\">\n<figure class=\"wp-block-image size-large\"><img loading=\"lazy\" decoding=\"async\" width=\"1024\" height=\"576\" data-id=\"9710\" src=\"https:\/\/asombrate.org\/wp-content\/uploads\/2026\/04\/IMG-002-1024x576.jpg\" alt=\"\" class=\"wp-image-9710\" srcset=\"https:\/\/asombrate.org\/wp-content\/uploads\/2026\/04\/IMG-002-1024x576.jpg 1024w, https:\/\/asombrate.org\/wp-content\/uploads\/2026\/04\/IMG-002-768x432.jpg 768w, https:\/\/asombrate.org\/wp-content\/uploads\/2026\/04\/IMG-002-1536x864.jpg 1536w, https:\/\/asombrate.org\/wp-content\/uploads\/2026\/04\/IMG-002-18x10.jpg 18w, https:\/\/asombrate.org\/wp-content\/uploads\/2026\/04\/IMG-002-600x338.jpg 600w, https:\/\/asombrate.org\/wp-content\/uploads\/2026\/04\/IMG-002.jpg 1920w\" sizes=\"(max-width: 1024px) 100vw, 1024px\" \/><\/figure>\n\n\n\n<figure class=\"wp-block-image size-large\"><img loading=\"lazy\" decoding=\"async\" width=\"1024\" height=\"576\" data-id=\"9711\" src=\"https:\/\/asombrate.org\/wp-content\/uploads\/2026\/04\/IMG-012-1024x576.jpg\" alt=\"\" class=\"wp-image-9711\" srcset=\"https:\/\/asombrate.org\/wp-content\/uploads\/2026\/04\/IMG-012-1024x576.jpg 1024w, https:\/\/asombrate.org\/wp-content\/uploads\/2026\/04\/IMG-012-768x432.jpg 768w, https:\/\/asombrate.org\/wp-content\/uploads\/2026\/04\/IMG-012-1536x864.jpg 1536w, https:\/\/asombrate.org\/wp-content\/uploads\/2026\/04\/IMG-012-18x10.jpg 18w, https:\/\/asombrate.org\/wp-content\/uploads\/2026\/04\/IMG-012-600x338.jpg 600w, https:\/\/asombrate.org\/wp-content\/uploads\/2026\/04\/IMG-012.jpg 1920w\" sizes=\"(max-width: 1024px) 100vw, 1024px\" \/><\/figure>\n<\/figure>\n\n\n\n<p>A trav\u00e9s de los encuentros presenciales o virtuales, los l\u00edderes comienzan a reconocerse como referentes en sus territorios por diferentes pr\u00e1cticas que realizan en sus fincas, no solo en t\u00e9rminos de sistemas agroforestales, sino tambi\u00e9n en conservaci\u00f3n de suelos, seguridad alimentaria, manejo de subproductos, entre otros.<\/p>\n\n\n\n<blockquote class=\"wp-block-quote is-layout-flow wp-block-quote-is-layout-flow\">\n<p><em>\u201cM\u00e1s all\u00e1 de las ense\u00f1anzas impartidas, estos espacios permiten una conexi\u00f3n real con las comunidades, un seguimiento cercano a los procesos y una adaptaci\u00f3n constante a las realidades locales. Reafirman la presencia en territorio y consolidan un acompa\u00f1amiento que trasciende lo t\u00e9cnico para convertirse en relacional y humano\u201d<\/em><\/p>\n\n\n\n<figure class=\"wp-block-image size-full is-resized\"><img loading=\"lazy\" decoding=\"async\" width=\"600\" height=\"600\" src=\"https:\/\/asombrate.org\/wp-content\/uploads\/2026\/04\/deibi.png\" alt=\"\" class=\"wp-image-9722\" style=\"aspect-ratio:0.9810722366584187;width:138px;height:auto\" srcset=\"https:\/\/asombrate.org\/wp-content\/uploads\/2026\/04\/deibi.png 600w, https:\/\/asombrate.org\/wp-content\/uploads\/2026\/04\/deibi-175x175.png 175w, https:\/\/asombrate.org\/wp-content\/uploads\/2026\/04\/deibi-12x12.png 12w, https:\/\/asombrate.org\/wp-content\/uploads\/2026\/04\/deibi-300x300.png 300w, https:\/\/asombrate.org\/wp-content\/uploads\/2026\/04\/deibi-180x180.png 180w\" sizes=\"(max-width: 600px) 100vw, 600px\" \/><\/figure>\n\n\n\n<div class=\"wp-block-group is-nowrap is-layout-flex wp-container-core-group-is-layout-ad2f72ca wp-block-group-is-layout-flex\">\n<p><strong>Deibi L\u00f3pez<br><\/strong>Coordinadora de As\u00f3mbrate del programa de caf\u00e9 de Solidaridad<\/p>\n<\/div>\n<\/blockquote>\n\n\n\n<p>Pese de la corta duraci\u00f3n de los encuentros (cuatro horas aproximadamente), estos generan alegr\u00eda, confianza y sentido de pertenencia a la red y As\u00f3mbrate, permitiendo que los l\u00edderes reconozcan que no est\u00e1n solos y que el trabajo colectivo amplifica su impacto.<\/p>\n\n\n\n<p>.<\/p>\n\n\n\n<div style=\"height:75px\" aria-hidden=\"true\" class=\"wp-block-spacer\"><\/div>","protected":false},"excerpt":{"rendered":"<p>El programa As\u00f3mbrate de Solidaridad \u2013 Colombia impulsa una estrategia que est\u00e1 marcando la diferencia: la Red de L\u00edderes, una iniciativa que fortalece el liderazgo local para convertir el conocimiento en acciones concretas en el campo.<\/p>","protected":false},"author":1,"featured_media":9696,"comment_status":"closed","ping_status":"closed","sticky":false,"template":"","format":"standard","meta":{"om_disable_all_campaigns":false,"_monsterinsights_skip_tracking":false,"_monsterinsights_sitenote_active":false,"_monsterinsights_sitenote_note":"","_monsterinsights_sitenote_category":0,"_uf_show_specific_survey":0,"_uf_disable_surveys":false,"_joinchat":[],"footnotes":""},"categories":[20,86],"tags":[109,111,113,114,112,110],"class_list":["post-9692","post","type-post","status-publish","format-standard","has-post-thumbnail","hentry","category-caficultores","category-colombia","tag-agricultura-regenerativa","tag-agricultura-regenerativa-en-colombia","tag-liderazgo-rural-y-comunitario","tag-programa-asombrate-solidaridad","tag-sistemas-agroforestales-de-cafe","tag-sostenibilidad-en-el-cultivo-de-cafe"],"aioseo_notices":[],"wpcf_dashboard":"<div class=\"woocommerce\"><div class=\"woocommerce-info\">Please log in first? <a class=\"wpneoShowLogin\" href=\"#\">Click here to login<\/a><\/div><div class=\"wpneo_login_form_div\" style=\"display: none;\"><form name=\"loginform\" id=\"loginform\" action=\"https:\/\/asombrate.org\/wp-login.php\" method=\"post\"><p class=\"login-username\">\n\t\t\t\t<label for=\"user_login\">Username or Email Address<\/label>\n\t\t\t\t<input type=\"text\" name=\"log\" id=\"user_login\" autocomplete=\"username\" class=\"input\" value=\"\" size=\"20\" \/>\n\t\t\t<\/p><p class=\"login-password\">\n\t\t\t\t<label for=\"user_pass\">Password<\/label>\n\t\t\t\t<input type=\"password\" name=\"pwd\" id=\"user_pass\" autocomplete=\"current-password\" spellcheck=\"false\" class=\"input\" value=\"\" size=\"20\" \/>\n\t\t\t<\/p><p class=\"login-remember\"><label><input name=\"rememberme\" type=\"checkbox\" id=\"rememberme\" value=\"forever\" \/> Remember Me<\/label><\/p><p class=\"login-submit\">\n\t\t\t\t<input type=\"submit\" name=\"wp-submit\" id=\"wp-submit\" class=\"button button-primary\" value=\"Log In\" \/>\n\t\t\t\t<input type=\"hidden\" name=\"redirect_to\" value=\"https:\/\/asombrate.org\/en\/wp-json\/wp\/v2\/posts\/9692\" \/>\n\t\t\t<\/p><\/form><\/div><\/div>","_links":{"self":[{"href":"https:\/\/asombrate.org\/en\/wp-json\/wp\/v2\/posts\/9692","targetHints":{"allow":["GET"]}}],"collection":[{"href":"https:\/\/asombrate.org\/en\/wp-json\/wp\/v2\/posts"}],"about":[{"href":"https:\/\/asombrate.org\/en\/wp-json\/wp\/v2\/types\/post"}],"author":[{"embeddable":true,"href":"https:\/\/asombrate.org\/en\/wp-json\/wp\/v2\/users\/1"}],"replies":[{"embeddable":true,"href":"https:\/\/asombrate.org\/en\/wp-json\/wp\/v2\/comments?post=9692"}],"version-history":[{"count":7,"href":"https:\/\/asombrate.org\/en\/wp-json\/wp\/v2\/posts\/9692\/revisions"}],"predecessor-version":[{"id":9724,"href":"https:\/\/asombrate.org\/en\/wp-json\/wp\/v2\/posts\/9692\/revisions\/9724"}],"wp:featuredmedia":[{"embeddable":true,"href":"https:\/\/asombrate.org\/en\/wp-json\/wp\/v2\/media\/9696"}],"wp:attachment":[{"href":"https:\/\/asombrate.org\/en\/wp-json\/wp\/v2\/media?parent=9692"}],"wp:term":[{"taxonomy":"category","embeddable":true,"href":"https:\/\/asombrate.org\/en\/wp-json\/wp\/v2\/categories?post=9692"},{"taxonomy":"post_tag","embeddable":true,"href":"https:\/\/asombrate.org\/en\/wp-json\/wp\/v2\/tags?post=9692"}],"curies":[{"name":"wp","href":"https:\/\/api.w.org\/{rel}","templated":true}]}}